[{"@context":"https:\/\/schema.org\/","@type":"Article","@id":"https:\/\/www.tagger.cz\/areal-landek-parku-je-osobity-jako-cela-ostrava\/#Article","mainEntityOfPage":"https:\/\/www.tagger.cz\/areal-landek-parku-je-osobity-jako-cela-ostrava\/","headline":"Are\u00e1l Landek parku je osobit\u00fd jako cel\u00e1 Ostrava","name":"Are\u00e1l Landek parku je osobit\u00fd jako cel\u00e1 Ostrava","description":"Landek park se nach\u00e1z\u00ed na severoz\u00e1padn\u00edm okraji Ostravy p\u0159ibli\u017en\u011b p\u011bt kilometr\u016f od centra. Kopec Landek je sv\u011btozn\u00e1mou lokalitou z hlediska archeologie, geologie, p\u0159irodov\u011bdy a hornictv\u00ed. V roce 1993 byl vrch Landek vyhl\u00e1\u0161en N\u00e1rodn\u00ed p\u0159\u00edrodn\u00ed pam\u00e1tkou. A pro\u010d je tedy v sousedstv\u00ed Hornick\u00e9 muzeum? P\u0159ed v\u00edce jak 200 lety se na Landeku za\u010dalo dob\u00fdvat uhl\u00ed, a<a class=\"read-more\" href=\"https:\/\/www.tagger.cz\/areal-landek-parku-je-osobity-jako-cela-ostrava\/\">Read More<\/a>","datePublished":"2025-03-04","dateModified":"2023-04-27","author":{"@type":"Person","@id":"https:\/\/www.tagger.cz\/author\/#Person","name":"tagger.cz","url":"https:\/\/www.tagger.cz\/author\/","identifier":1,"image":{"@type":"ImageObject","@id":"https:\/\/secure.gravatar.com\/avatar\/4e6a74466e4227c12d5306875d08720cdfce3572213740db6f4a2e5e46e710ff?s=96&d=mm&r=g","url":"https:\/\/secure.gravatar.com\/avatar\/4e6a74466e4227c12d5306875d08720cdfce3572213740db6f4a2e5e46e710ff?s=96&d=mm&r=g","height":96,"width":96}},"publisher":{"@type":"Organization","name":"tagger.cz","logo":{"@type":"ImageObject","@id":"\/logo.png","url":"\/logo.png","width":600,"height":60}},"image":{"@type":"ImageObject","@id":"https:\/\/www.tagger.cz\/wp-content\/uploads\/img_a291253_w1705_t1503995192.jpg","url":"https:\/\/www.tagger.cz\/wp-content\/uploads\/img_a291253_w1705_t1503995192.jpg","height":0,"width":0},"url":"https:\/\/www.tagger.cz\/areal-landek-parku-je-osobity-jako-cela-ostrava\/","about":["Z\u00e1bava"],"wordCount":389,"articleBody":"Landek park se nach\u00e1z\u00ed na severoz\u00e1padn\u00edm okraji Ostravy p\u0159ibli\u017en\u011b p\u011bt kilometr\u016f od centra. Kopec Landek je sv\u011btozn\u00e1mou lokalitou z hlediska archeologie, geologie, p\u0159irodov\u011bdy a hornictv\u00ed. V roce 1993 byl vrch Landek vyhl\u00e1\u0161en N\u00e1rodn\u00ed p\u0159\u00edrodn\u00ed pam\u00e1tkou.A pro\u010d je tedy v sousedstv\u00ed Hornick\u00e9 muzeum? P\u0159ed v\u00edce jak 200 lety se na Landeku za\u010dalo dob\u00fdvat uhl\u00ed, a t\u00edm za\u010dala t\u011b\u017eba \u010dern\u00e9ho uhl\u00ed na Ostravsku. Are\u00e1l Landek park se nach\u00e1z\u00ed v t\u011bsn\u00e9 bl\u00edzkosti tohoto unik\u00e1tn\u00edho kopce, jeho rozloha je cca 35 hektar\u016f.Sou\u010d\u00e1st\u00ed je jednak nejv\u011bt\u0161\u00ed hornick\u00e9 muzeum v \u010cesk\u00e9 republice. Obrovsk\u00fdm l\u00e1kadlem muzea je pro v\u011bt\u0161inu lid\u00ed:\u00b7\u00a0\u00a0\u00a0\u00a0\u00a0\u00a0\u00a0\u00a0 D\u016fln\u00ed expozice s f\u00e1r\u00e1n\u00edm do dolu v p\u016fvodn\u00ed t\u011b\u017en\u00ed kleci\u00a0 P\u0159i t\u00e9 si ka\u017ed\u00fd zakus\u00ed pocity horn\u00edka od p\u0159\u00edchodu na \u0161achtu, p\u0159evl\u00e9k\u00e1n\u00ed se v \u0159et\u00edzkov\u00fdch \u0161atn\u00e1ch, autentick\u00e9 f\u00e1r\u00e1n\u00ed a\u017e po cestu na dan\u00e9 d\u016fln\u00ed pracovi\u0161t\u011b.D\u00e1le jsou sou\u010d\u00e1st\u00ed muzea:\u00b7\u00a0\u00a0\u00a0\u00a0\u00a0\u00a0\u00a0\u00a0 Expozice b\u00e1\u0148sk\u00e9ho z\u00e1chran\u00e1\u0159stv\u00ed\u00b7\u00a0\u00a0\u00a0\u00a0\u00a0\u00a0\u00a0\u00a0 Povrchov\u00e1 expozice b\u00e1\u0148sk\u00e9 raz\u00edc\u00ed a dob\u00fdvac\u00ed techniky\u00b7\u00a0\u00a0\u00a0\u00a0\u00a0\u00a0\u00a0\u00a0 Expozice Historie d\u016fln\u00ed dopravy\u00b7\u00a0\u00a0\u00a0\u00a0\u00a0\u00a0\u00a0\u00a0 Expozice historick\u00e9ho os\u00eddlen\u00ed\u00a0Landek park nicm\u00e9n\u011b krom\u011b vzd\u011bl\u00e1n\u00ed a historie zam\u011b\u0159en\u00e9 na hornictv\u00ed slou\u017e\u00ed i pro sportovn\u011b relaxa\u010dn\u00ed \u00fa\u010dely. V are\u00e1lu jsou mimo jin\u00e9 \u010dty\u0159i tenisov\u00e9 kurty, v\u00edce\u00fa\u010delov\u00e9 h\u0159i\u0161t\u011b a hala, \u010dty\u0159dr\u00e1hov\u00fd bowling, cyklostezky, lanov\u00e1 dr\u00e1ha pro d\u011bti, h\u0159i\u0161t\u011b, mini ZOO a dal\u0161\u00ed. Sou\u010d\u00e1st\u00ed are\u00e1lu je tak\u00e9 kemp s 250 m\u00edsty pro stany a karavany, soci\u00e1ln\u00edm za\u0159\u00edzen\u00edm, spole\u010denskou m\u00edstnost\u00ed a kuchy\u0148kou. Samoz\u0159ejmost\u00ed je tak\u00e9 restaurace s venkovn\u00edm posezen\u00edm.Park je tak\u00e9 vhodn\u00fd pro po\u0159\u00e1d\u00e1n\u00ed r\u016fzn\u00fdch kulturn\u00edch \u010di firmen\u00edch akc\u00ed, nab\u00edz\u00ed nejen bohat\u00e9 sportovn\u00ed a kulturn\u00ed vy\u017eit\u00ed, ale tak\u00e9 \u0159adu netradi\u010dn\u00edch prostor pro setk\u00e1n\u00ed \u010di \u0161kolen\u00ed apod..V\u00fdjime\u010dnost tohoto parku je tedy nejen v um\u00edst\u011bn\u00ed v neoby\u010dejn\u00e9 p\u0159\u00edrod\u011b, ale tak\u00e9 v propojen\u00ed hornictv\u00ed a dal\u0161\u00edch sportovn\u00edch a relaxa\u010dn\u00edch akrivit. V Landek parku se zkr\u00e1tka nudit nebudete.                                                                                                                                                                                                                                                                                                                                                                                        2.7\/5 - (3 votes)        "},{"@context":"https:\/\/schema.org\/","@type":"BreadcrumbList","itemListElement":[{"@type":"ListItem","position":1,"name":"Are\u00e1l Landek parku je osobit\u00fd jako cel\u00e1 Ostrava","item":"https:\/\/www.tagger.cz\/areal-landek-parku-je-osobity-jako-cela-ostrava\/#breadcrumbitem"}]}]