[{"@context":"https:\/\/schema.org\/","@type":"Article","@id":"https:\/\/www.tagger.cz\/at-uz-jemne-nebo-silne-s-vlasy-je-zkratka-potiz\/#Article","mainEntityOfPage":"https:\/\/www.tagger.cz\/at-uz-jemne-nebo-silne-s-vlasy-je-zkratka-potiz\/","headline":"A\u0165 u\u017e jemn\u00e9 nebo siln\u00e9. S vlasy je zkr\u00e1tka pot\u00ed\u017e","name":"A\u0165 u\u017e jemn\u00e9 nebo siln\u00e9. S vlasy je zkr\u00e1tka pot\u00ed\u017e","description":"Spoustu \u017een tr\u00e1p\u00ed jemn\u00e9 vlasy. Nen\u00ed divu. P\u0159esto, \u017ee budete m\u00edt stejn\u00fd po\u010det vlas\u016f jako va\u0161e sousedka, pokud budou jemn\u00e9, bude to vypadat, \u017ee jich je jen polovina. \u00b7\u00a0\u00a0\u00a0\u00a0\u00a0\u00a0\u00a0 Jemn\u00e9 vlasy jsou i n\u00e1chyln\u00e9 k l\u00e1m\u00e1n\u00ed a t\u0159epen\u00ed. \u00b7\u00a0\u00a0\u00a0\u00a0\u00a0\u00a0\u00a0 Trp\u00ed v l\u00e9t\u011b i v zim\u011b. \u00b7\u00a0\u00a0\u00a0\u00a0\u00a0\u00a0\u00a0 V l\u00e9t\u011b jim neprosp\u00edv\u00e1 slune\u010dn\u00ed z\u00e1\u0159en\u00ed a v zim\u011b<a class=\"read-more\" href=\"https:\/\/www.tagger.cz\/at-uz-jemne-nebo-silne-s-vlasy-je-zkratka-potiz\/\">Read More<\/a>","datePublished":"2025-03-01","dateModified":"2023-04-27","author":{"@type":"Person","@id":"https:\/\/www.tagger.cz\/author\/#Person","name":"tagger.cz","url":"https:\/\/www.tagger.cz\/author\/","identifier":1,"image":{"@type":"ImageObject","@id":"https:\/\/secure.gravatar.com\/avatar\/4e6a74466e4227c12d5306875d08720cdfce3572213740db6f4a2e5e46e710ff?s=96&d=mm&r=g","url":"https:\/\/secure.gravatar.com\/avatar\/4e6a74466e4227c12d5306875d08720cdfce3572213740db6f4a2e5e46e710ff?s=96&d=mm&r=g","height":96,"width":96}},"publisher":{"@type":"Organization","name":"tagger.cz","logo":{"@type":"ImageObject","@id":"\/logo.png","url":"\/logo.png","width":600,"height":60}},"image":{"@type":"ImageObject","@id":"https:\/\/www.tagger.cz\/wp-content\/uploads\/img_a309695_w1705_t1520629391.jpg","url":"https:\/\/www.tagger.cz\/wp-content\/uploads\/img_a309695_w1705_t1520629391.jpg","height":0,"width":0},"url":"https:\/\/www.tagger.cz\/at-uz-jemne-nebo-silne-s-vlasy-je-zkratka-potiz\/","about":["\u017deny"],"wordCount":386,"articleBody":"Spoustu \u017een tr\u00e1p\u00ed jemn\u00e9 vlasy. Nen\u00ed divu. P\u0159esto, \u017ee budete m\u00edt stejn\u00fd po\u010det vlas\u016f jako va\u0161e sousedka, pokud budou jemn\u00e9, bude to vypadat, \u017ee jich je jen polovina.\u00b7\u00a0\u00a0\u00a0\u00a0\u00a0\u00a0\u00a0 Jemn\u00e9 vlasy jsou i n\u00e1chyln\u00e9 k l\u00e1m\u00e1n\u00ed a t\u0159epen\u00ed.\u00b7\u00a0\u00a0\u00a0\u00a0\u00a0\u00a0\u00a0 Trp\u00ed v l\u00e9t\u011b i v zim\u011b.\u00b7\u00a0\u00a0\u00a0\u00a0\u00a0\u00a0\u00a0 V l\u00e9t\u011b jim neprosp\u00edv\u00e1 slune\u010dn\u00ed z\u00e1\u0159en\u00ed a v zim\u011b jim vad\u00ed \u00fast\u0159edn\u00ed topen\u00ed.\u00b7\u00a0\u00a0\u00a0\u00a0\u00a0\u00a0\u00a0 Snadno se vysu\u0161\u00ed a tak\u00e9 se snadno mast\u00ed.Jsou s nimi prost\u011b pot\u00ed\u017ee. Maj\u00ed v\u016fbec n\u011bjak\u00e9 pozitivn\u00ed str\u00e1nky? Ur\u010dit\u011b ano. Jejich nositelky nemusej\u00ed pou\u017e\u00edvat \u017eehli\u010dku na vlasy, proto\u017ee se v\u011bt\u0161inou nekrout\u00ed. Jemn\u00e9 vlasy se ani p\u0159es noc nep\u0159ele\u017e\u00ed a v drdolech vypadaj\u00ed velice hezky. O jemn\u00e9 vlasy mus\u00ed jejich majitelka pe\u010dovat trochu v\u00edce, aby nedoch\u00e1zelo k jejich po\u0161kozen\u00ed a vypadaly co nejl\u00e9pe. Rozhodn\u011b by se m\u011bly pou\u017e\u00edvat pe\u010duj\u00edc\u00ed i stylingov\u00e9 p\u0159\u00edpravky, kter\u00e9 jsou p\u0159\u00edmo ur\u010den\u00e9 pro jemn\u00e9 vlasy.&#8211;\u00a0\u00a0\u00a0\u00a0\u00a0\u00a0\u00a0\u00a0 Jestli\u017ee se rozhodnete dodat jim objem, pak volte speci\u00e1ln\u00ed spreje, kter\u00e9 se nan\u00e1\u0161ej\u00ed ke ko\u0159\u00ednk\u016fm, kde vlasy zvednou.&#8211;\u00a0\u00a0\u00a0\u00a0\u00a0\u00a0\u00a0\u00a0 V\u00fd\u017eivn\u00e9 masky na vlasy se nan\u00e1\u0161ej\u00ed v\u017edy jen do d\u00e9lek a ke konc\u016fm.&#8211;\u00a0\u00a0\u00a0\u00a0\u00a0\u00a0\u00a0\u00a0 Pokud by se nan\u00e1\u0161ely ke ko\u0159\u00ednk\u016fm, vlasy by zbyte\u010dn\u011b plihly.\tJak\u00fd \u00fa\u010des zvolit?Ka\u017ed\u00e1 zku\u0161en\u00e1 kade\u0159nice v\u00e1m potvrd\u00ed, \u017ee jemn\u00fdm vlas\u016fm slu\u0161\u00ed v\u011bt\u0161inou krat\u0161\u00ed \u00fa\u010desy. Pokud p\u0159eci jen chcete m\u00edt del\u0161\u00ed vlasy, pak se doporu\u010duje jednotn\u00e1 d\u00e9lka nebo sest\u0159\u00edh\u00e1n\u00ed v del\u0161\u00edch vrstv\u00e1ch. Rozhodn\u011b jsou nevhodn\u00e9 vrstven\u00e9 sest\u0159ihy, kter\u00e9 by je\u0161t\u011b opticky upozornily na mal\u00fd objem vlas\u016f.\u00b7\u00a0\u00a0\u00a0\u00a0\u00a0\u00a0\u00a0\u00a0 V\u00fdhrou nemusej\u00ed b\u00fdt ani vlasy, kter\u00e9 jsou hust\u00e9.Takov\u00e9 vlasy mohou vypadat trochu neupraven\u011b, a\u0165 se jejich majitelka sna\u017e\u00ed sebev\u00edce. Jejich v\u00fdhodou je to, \u017ee je m\u016f\u017eete zapnout do ohonu, kter\u00fd bude kr\u00e1sn\u011b bohat\u00fd. Na siln\u00e9 vlasy je dobr\u00e9 pou\u017e\u00edvat kondicion\u00e9r, kter\u00fd vlasy zkrot\u00ed a nebude takov\u00fd probl\u00e9m s roz\u010des\u00e1v\u00e1n\u00edm. I siln\u00fdch vlas\u016f plat\u00ed p\u0159esn\u00fd opak, co platilo o vlasech jemn\u00fdch. \u010c\u00edm del\u0161\u00ed, t\u00edm snaz\u0161\u00ed \u00faprava. Vlasy svou vlastn\u00ed vahou klesnou a nebudou tak objemn\u00e9.                                                                                                                                                                                                                                                                                                                                                                                        5\/5 - (4 votes)        "},{"@context":"https:\/\/schema.org\/","@type":"BreadcrumbList","itemListElement":[{"@type":"ListItem","position":1,"name":"A\u0165 u\u017e jemn\u00e9 nebo siln\u00e9. S vlasy je zkr\u00e1tka pot\u00ed\u017e","item":"https:\/\/www.tagger.cz\/at-uz-jemne-nebo-silne-s-vlasy-je-zkratka-potiz\/#breadcrumbitem"}]}]