[{"@context":"https:\/\/schema.org\/","@type":"Article","@id":"https:\/\/www.tagger.cz\/cim-letos-prekvapit-svoje-nejblizsi\/#Article","mainEntityOfPage":"https:\/\/www.tagger.cz\/cim-letos-prekvapit-svoje-nejblizsi\/","headline":"\u010c\u00edm letos p\u0159ekvapit svoje nejbli\u017e\u0161\u00ed?","name":"\u010c\u00edm letos p\u0159ekvapit svoje nejbli\u017e\u0161\u00ed?","description":"Dohoda\u00a0 o podob\u011b d\u00e1rk\u016f pro dosp\u011bl\u00e9 \u010dleny rodiny je lety prov\u011b\u0159en\u00e1. Mus\u00ed to b\u00fdt n\u011bco, co se d\u00e1 sn\u00edst nebo vyp\u00edt. Mo\u017enosti v\u00fdb\u011bru tohoto sortimentu jsou opravdu velk\u00e9. A u\u017eitek z ochutn\u00e1v\u00e1n\u00ed b\u011bhem v\u00e1no\u010dn\u00edch sv\u00e1tk\u016f z takov\u00fdchto d\u00e1rku maj\u00ed v\u0161ichni. Mezi nejobl\u00edben\u011bj\u0161\u00ed pat\u0159\u00ed l\u00e1hve kvalitn\u00edho v\u00edna, nejl\u00e9pe francouzsk\u00e9ho. To b\u00fdv\u00e1 nejv\u00edce cen\u011bno mu\u017esk\u00fdmi \u010dleny rodiny.<a class=\"read-more\" href=\"https:\/\/www.tagger.cz\/cim-letos-prekvapit-svoje-nejblizsi\/\">Read More<\/a>","datePublished":"2023-04-27","dateModified":"2023-04-27","author":{"@type":"Person","@id":"https:\/\/www.tagger.cz\/author\/#Person","name":"tagger.cz","url":"https:\/\/www.tagger.cz\/author\/","identifier":1,"image":{"@type":"ImageObject","@id":"https:\/\/secure.gravatar.com\/avatar\/4e6a74466e4227c12d5306875d08720cdfce3572213740db6f4a2e5e46e710ff?s=96&d=mm&r=g","url":"https:\/\/secure.gravatar.com\/avatar\/4e6a74466e4227c12d5306875d08720cdfce3572213740db6f4a2e5e46e710ff?s=96&d=mm&r=g","height":96,"width":96}},"publisher":{"@type":"Organization","name":"tagger.cz","logo":{"@type":"ImageObject","@id":"\/logo.png","url":"\/logo.png","width":600,"height":60}},"url":"https:\/\/www.tagger.cz\/cim-letos-prekvapit-svoje-nejblizsi\/","about":["N\u00e1kupy"],"wordCount":421,"articleBody":"\tDohoda\u00a0 o podob\u011b d\u00e1rk\u016f pro dosp\u011bl\u00e9 \u010dleny rodiny je lety prov\u011b\u0159en\u00e1. Mus\u00ed to b\u00fdt n\u011bco, co se d\u00e1 sn\u00edst nebo vyp\u00edt. Mo\u017enosti v\u00fdb\u011bru tohoto sortimentu jsou opravdu velk\u00e9. A u\u017eitek z ochutn\u00e1v\u00e1n\u00ed b\u011bhem v\u00e1no\u010dn\u00edch sv\u00e1tk\u016f z takov\u00fdchto d\u00e1rku maj\u00ed v\u0161ichni. Mezi nejobl\u00edben\u011bj\u0161\u00ed pat\u0159\u00ed l\u00e1hve kvalitn\u00edho v\u00edna, nejl\u00e9pe francouzsk\u00e9ho. To b\u00fdv\u00e1 nejv\u00edce cen\u011bno mu\u017esk\u00fdmi \u010dleny rodiny. Belgick\u00e9 pralinky nebo mal\u00e9 skleni\u010dky kavi\u00e1ru v\u017edy r\u00e1dy rozbaluj\u00ed d\u00e1my.\tKa\u017edoro\u010dn\u00edm o\u0159\u00ed\u0161kem tak z\u016fst\u00e1v\u00e1 v\u00fdb\u011br d\u00e1rk\u016f pro d\u011bti. A kdy\u017e je jich \u0161est a v\u0161echno to jsou d\u011bv\u010data, je to \u00fakol t\u00e9m\u011b\u0159 nadlidsk\u00fd. Sle\u010dny ve v\u011bku od osmi do patn\u00e1cti let u\u017e maj\u00ed n\u00e1ro\u010dn\u00e9 p\u0159edstavy, co by m\u011bl Je\u017e\u00ed\u0161ek pod strome\u010dek p\u0159in\u00e9st. Nejobl\u00edben\u011bj\u0161\u00ed jsou d\u00e1rky na omak m\u011bkk\u00e9, co\u017e nazna\u010duje, \u017ee to bude n\u011bco na par\u00e1du. D\u00e1rky takzvan\u011b tvrd\u00e9 b\u00fdvaj\u00ed rozbalov\u00e1ny v\u017edy a\u017e nakonec.\tInspirace protentokr\u00e1t p\u0159ijde p\u0159i n\u00e1hodn\u00e9m prohl\u00ed\u017een\u00ed internetov\u00fdch str\u00e1nek.\tNab\u00eddka firmy, nab\u00edzej\u00edc\u00ed kabelky, kter\u00e9 se daj\u00ed upravovat do mnoha tvarov\u00fdch i barevn\u00fdch podob. Dokonce se daj\u00ed speci\u00e1ln\u00edm fixem domalovat podle vlastn\u00edch p\u0159edstav. Nab\u00edzeny jsou v patn\u00e1cti barv\u00e1ch, od z\u00e1kladn\u00ed \u010dern\u00e9 a neutr\u00e1ln\u00ed b\u00edl\u00e9, p\u0159es \u010dervenou, \u017elutou, oran\u017eovou, zelenou a\u017e po modrou a r\u016f\u017eovou. B\u011bhem n\u011bkolika vte\u0159in si m\u016f\u017eete ta\u0161ku sestavit ze t\u0159\u00ed \u010d\u00e1st\u00ed. Jejich originalita je ve v\u00edce ne\u017e osmdes\u00e1ti neuv\u011b\u0159iteln\u011b pestr\u00fdch barevn\u00fdch vzor\u016f flap\u016f. Men\u0161\u00ed ze dvou nab\u00edzen\u00fdch velikost\u00ed bude vhodn\u00e1 i pro osmiletou sle\u010dnu.\tSta\u010d\u00ed jenom poslat objedn\u00e1vku a do t\u00fddne by m\u011bla b\u00fdt z\u00e1silka doma. U\u017e se nem\u016f\u017eete do\u010dkat, a\u017e na v\u00e1s po vybalen\u00ed\u00a0 vykoukne \u0161est barevn\u011b odli\u0161n\u00fdch, naprosto origin\u00e1ln\u00edch kabelek, kter\u00e9 si budou va\u0161e sle\u010dny dotv\u00e1\u0159et podle barvy oble\u010den\u00ed anebo n\u00e1lady. Nejv\u00edce se t\u011b\u0161\u00edte na jejich reakci po rozbalen\u00ed pod strome\u010dkem. Snad ani nebude tak moc vadit, \u017ee d\u00e1rek bude spadat do kategorie tvrd\u00fd. Par\u00e1dit se s n\u00edm budou moci taky.                                                                                                                                                                                                                                                                                                                                                                                        4\/5 - (6 votes)        "},{"@context":"https:\/\/schema.org\/","@type":"BreadcrumbList","itemListElement":[{"@type":"ListItem","position":1,"name":"\u010c\u00edm letos p\u0159ekvapit svoje nejbli\u017e\u0161\u00ed?","item":"https:\/\/www.tagger.cz\/cim-letos-prekvapit-svoje-nejblizsi\/#breadcrumbitem"}]}]