[{"@context":"https:\/\/schema.org\/","@type":"Article","@id":"https:\/\/www.tagger.cz\/co-byste-rekli-na-mobilni-klimatizaci\/#Article","mainEntityOfPage":"https:\/\/www.tagger.cz\/co-byste-rekli-na-mobilni-klimatizaci\/","headline":"Co byste \u0159ekli na mobiln\u00ed klimatizaci?","name":"Co byste \u0159ekli na mobiln\u00ed klimatizaci?","description":"Kdy\u017e je \u010dlov\u011bku v l\u00e9t\u011b horko, co\u017e je st\u00e1le \u010dast\u011bji sp\u00ed\u0161e pravidlem ne\u017e v\u00fdjimkou, pust\u00ed si nejednou v pokoji klimatizaci. Po\u0159\u00eddil si ji, aby tam m\u011bl snesiteln\u011b, aby tam mohl \u017e\u00edt a ne jenom \u017eivo\u0159it. Nechal kv\u016fli tomu dokonce i ud\u011blat d\u00edru do zdi, j\u00ed\u017e byly propojeny venkovn\u00ed a vnit\u0159n\u00ed \u010d\u00e1st. A jak je mu<a class=\"read-more\" href=\"https:\/\/www.tagger.cz\/co-byste-rekli-na-mobilni-klimatizaci\/\">Read More<\/a>","datePublished":"2019-02-20","dateModified":"2023-04-27","author":{"@type":"Person","@id":"https:\/\/www.tagger.cz\/author\/#Person","name":"tagger.cz","url":"https:\/\/www.tagger.cz\/author\/","identifier":1,"image":{"@type":"ImageObject","@id":"https:\/\/secure.gravatar.com\/avatar\/4e6a74466e4227c12d5306875d08720cdfce3572213740db6f4a2e5e46e710ff?s=96&d=mm&r=g","url":"https:\/\/secure.gravatar.com\/avatar\/4e6a74466e4227c12d5306875d08720cdfce3572213740db6f4a2e5e46e710ff?s=96&d=mm&r=g","height":96,"width":96}},"publisher":{"@type":"Organization","name":"tagger.cz","logo":{"@type":"ImageObject","@id":"\/logo.png","url":"\/logo.png","width":600,"height":60}},"image":{"@type":"ImageObject","@id":"https:\/\/www.tagger.cz\/wp-content\/uploads\/img_a338693_w1705_t1551278457.jpg","url":"https:\/\/www.tagger.cz\/wp-content\/uploads\/img_a338693_w1705_t1551278457.jpg","height":0,"width":0},"url":"https:\/\/www.tagger.cz\/co-byste-rekli-na-mobilni-klimatizaci\/","about":["D\u016fm a zahrada"],"wordCount":448,"articleBody":"Kdy\u017e je \u010dlov\u011bku v l\u00e9t\u011b horko, co\u017e je st\u00e1le \u010dast\u011bji sp\u00ed\u0161e pravidlem ne\u017e v\u00fdjimkou, pust\u00ed si nejednou v pokoji klimatizaci. Po\u0159\u00eddil si ji, aby tam m\u011bl snesiteln\u011b, aby tam mohl \u017e\u00edt a ne jenom \u017eivo\u0159it. Nechal kv\u016fli tomu dokonce i ud\u011blat d\u00edru do zdi, j\u00ed\u017e byly propojeny venkovn\u00ed a vnit\u0159n\u00ed \u010d\u00e1st. A jak je mu te\u010f u tohoto za\u0159\u00edzen\u00ed p\u0159\u00edjemn\u011b!Jen\u017ee potom je t\u0159eba p\u0159esunout se do m\u00edstnosti sousedn\u00ed, neklimatizovan\u00e9. A r\u00e1zem jako by dostal palic\u00ed do hlavy. Tokov\u00e9 je tam vedro a dusno k zalknut\u00ed. To je p\u0159\u00edmo za trest.To je tedy p\u0159\u00edpad \u010dlov\u011bka, kter\u00fd si dom\u016f nepo\u0159\u00eddil mobiln\u00ed klimatizaci. Kter\u00e9mu , doposud moc ne\u0159\u00edk\u00e1. Proto\u017ee ten, kdo p\u0159enosnou klimatizaci u\u017e zn\u00e1, tuto nejednou i vlastn\u00ed. Proto\u017ee je to velice praktick\u00fd a \u00fasporn\u00fd zp\u016fsob, jak m\u00edt doma za v\u0161ech okolnost\u00ed p\u0159\u00edjemn\u011b chladno. Bez ohledu na to, jak\u00e9 po\u010das\u00ed pr\u00e1v\u011b panuje venku. Kdy\u017e se za okny otepl\u00ed v\u00edce, ne\u017e je zdr\u00e1vo, \u010dlov\u011bk takovou mobiln\u00ed klimatizaci jednodu\u0161e vyt\u00e1hne, odnese tam, kde je mu jej\u00edch slu\u017eeb zapot\u0159eb\u00ed, zapne ji a u\u017e\u00edv\u00e1 si. A kdy\u017e se venku ochlad\u00ed, jednodu\u0161e tuto odpoj\u00ed a uklid\u00ed n\u011bkam, kde mu nebude do doby, ne\u017e j\u00ed zase bude zapot\u0159eb\u00ed, p\u0159ek\u00e1\u017eet. Kolik jenom m\u00e1 takov\u00e1to klimatizace p\u0159ednost\u00ed! Zmi\u0148me si nam\u00e1tkou aspo\u0148 n\u011bkter\u00e9 z nich: &#8211; Je mal\u00e1 a kompaktn\u00ed. &#8211; Je v\u00fdkonn\u00e1 a p\u0159itom \u00fasporn\u00e1. &#8211; Lze ji v m\u00edstnosti um\u00edstit kamkoliv, proto\u017ee nezab\u00edr\u00e1 nikterak moc m\u00edsta. &#8211; Lze ji podle pot\u0159eby kamkoliv a kdykoliv p\u0159em\u00edstit. &#8211; Nen\u00ed t\u011b\u017ek\u00e1 a dob\u0159e se s n\u00ed tak manipuluje. &#8211; Dok\u00e1\u017ee skv\u011ble ochladit a osv\u011b\u017eit vzduch. &#8211; Dok\u00e1\u017ee udr\u017eovat konstantn\u00ed teplotu. &#8211; Nejsou t\u0159eba \u017e\u00e1dn\u00e9 stavebn\u00ed \u00fapravy, na rozd\u00edl od klimatizac\u00ed ostatn\u00edch. &#8211; Lze ji zcela snadno zapojit a okam\u017eit\u011b funguje. A to tak, \u017ee odv\u00e1d\u00ed horko z vnit\u0159n\u00edch prostor ven. Prost\u011b je tato klimatizace dokonal\u00e9 a naprosto ide\u00e1ln\u00ed za\u0159\u00edzen\u00ed, kter\u00e9 sv\u00e9mu majiteli poskytuje p\u0159\u00edmo neoceniteln\u00e9 slu\u017eby, a to prakticky kdykoliv a kdekoliv. Proto\u017ee ji lze snadno vz\u00edt a odn\u00e9st kamkoliv, do kter\u00e9koliv budovy a m\u00edstnosti, t\u0159eba na chatu, kde m\u016f\u017ee prokazovat stejn\u011b neoceniteln\u00e9 slu\u017eby.Co\u017e pozn\u00e1te i vy, pokud si ji koup\u00edte.A pokud ne? Pak za p\u00e1r m\u011bs\u00edc\u016f \u2013 uprost\u0159ed l\u00e9ta \u2013 p\u00e1n b\u016fh s v\u00e1mi.                                                                                                                                                                                                                                                                                                                                                                                        3\/5 - (6 votes)        "},{"@context":"https:\/\/schema.org\/","@type":"BreadcrumbList","itemListElement":[{"@type":"ListItem","position":1,"name":"Co byste \u0159ekli na mobiln\u00ed klimatizaci?","item":"https:\/\/www.tagger.cz\/co-byste-rekli-na-mobilni-klimatizaci\/#breadcrumbitem"}]}]