[{"@context":"https:\/\/schema.org\/","@type":"Article","@id":"https:\/\/www.tagger.cz\/kdy-cloveka-odskodni\/#Article","mainEntityOfPage":"https:\/\/www.tagger.cz\/kdy-cloveka-odskodni\/","headline":"Kdy \u010dlov\u011bka od\u0161kodn\u00ed?","name":"Kdy \u010dlov\u011bka od\u0161kodn\u00ed?","description":"Pro \u010dlov\u011bka by m\u011bla ka\u017ed\u00e1 leteck\u00e1 spole\u010dnost ud\u011blat v p\u0159\u00edpad\u011b zpo\u017ed\u011bn\u00ed alespo\u0148 b\u011b\u017en\u00e9 v\u011bci. Tedy poskytnout ob\u010derstven\u00ed, umo\u017enit zavol\u00e1n\u00ed si a podobn\u011b. A pokud takov\u00e9 aerolinie nav\u00edc sv\u00fdm po\u010d\u00edn\u00e1n\u00edm zp\u016fsob\u00ed zpo\u017ed\u011bn\u00ed p\u0159esahuj\u00edc\u00ed \u00fanosnou mez a maj\u00ed s\u00eddlo v n\u011bkter\u00e9 zemi Evropsk\u00e9 unie, Norsku, \u0160v\u00fdcarsku nebo na Islandu, provozuj\u00ed lety v tomto prostoru nebo z n\u011bj<a class=\"read-more\" href=\"https:\/\/www.tagger.cz\/kdy-cloveka-odskodni\/\">Read More<\/a>","datePublished":"2019-05-22","dateModified":"2023-04-27","author":{"@type":"Person","@id":"https:\/\/www.tagger.cz\/author\/#Person","name":"tagger.cz","url":"https:\/\/www.tagger.cz\/author\/","identifier":1,"image":{"@type":"ImageObject","@id":"https:\/\/secure.gravatar.com\/avatar\/4e6a74466e4227c12d5306875d08720cdfce3572213740db6f4a2e5e46e710ff?s=96&d=mm&r=g","url":"https:\/\/secure.gravatar.com\/avatar\/4e6a74466e4227c12d5306875d08720cdfce3572213740db6f4a2e5e46e710ff?s=96&d=mm&r=g","height":96,"width":96}},"publisher":{"@type":"Organization","name":"tagger.cz","logo":{"@type":"ImageObject","@id":"\/logo.png","url":"\/logo.png","width":600,"height":60}},"image":{"@type":"ImageObject","@id":"https:\/\/www.tagger.cz\/wp-content\/uploads\/img_a348250_w1705_t1562747526.jpg","url":"https:\/\/www.tagger.cz\/wp-content\/uploads\/img_a348250_w1705_t1562747526.jpg","height":0,"width":0},"url":"https:\/\/www.tagger.cz\/kdy-cloveka-odskodni\/","about":["Business"],"wordCount":451,"articleBody":"   Pro \u010dlov\u011bka by m\u011bla ka\u017ed\u00e1 leteck\u00e1 spole\u010dnost ud\u011blat v p\u0159\u00edpad\u011b zpo\u017ed\u011bn\u00ed alespo\u0148 b\u011b\u017en\u00e9 v\u011bci. Tedy poskytnout ob\u010derstven\u00ed, umo\u017enit zavol\u00e1n\u00ed si a podobn\u011b. A pokud takov\u00e9 aerolinie nav\u00edc sv\u00fdm po\u010d\u00edn\u00e1n\u00edm zp\u016fsob\u00ed zpo\u017ed\u011bn\u00ed p\u0159esahuj\u00edc\u00ed \u00fanosnou mez a maj\u00ed s\u00eddlo v n\u011bkter\u00e9 zemi Evropsk\u00e9 unie, Norsku, \u0160v\u00fdcarsku nebo na Islandu, provozuj\u00ed lety v tomto prostoru nebo z n\u011bj pry\u010d, jsou povinny takov\u00e9ho cestuj\u00edc\u00edho n\u00e1le\u017eit\u011b od\u0161kodnit po finan\u010dn\u00ed str\u00e1nce. Tedy zaplatit mu podle d\u00e9lky zpo\u017ed\u011bn\u00ed a vzd\u00e1lenosti mezi po\u010d\u00e1te\u010dn\u00ed a c\u00edlovou destinac\u00ed a\u017e \u0161est set eur. Tak je to d\u00e1no regulac\u00ed Evropsk\u00e9 komise. A je to povinn\u00e9 pro v\u0161echny v\u00fd\u0161e zm\u00edn\u011bn\u00e9 leteck\u00e9 spole\u010dnosti, kter\u00e9 se provin\u00ed t\u00edm, \u017ee se n\u00e1le\u017eit\u011b nepostaraj\u00ed o dodr\u017een\u00ed sv\u00fdch z\u00e1vazk\u016f.  Jedin\u00fdm p\u0159\u00edpadem, kdy jsou p\u0159i takov\u00e9m zpo\u017ed\u011bn\u00ed zbaveny povinnosti onu \u010d\u00e1stku vyplatit, je to, nezavinily-li ono zpo\u017ed\u011bn\u00ed samy, vzniklo-li v d\u016fsledku \u0161patn\u00e9ho po\u010das\u00ed, p\u0159\u00edrodn\u00ed katastrofy, bezpe\u010dnostn\u00ed situace, omezen\u00ed letov\u00e9ho provozu nebo st\u00e1vky t\u0159et\u00ed strany. Ov\u0161em leteck\u00fdm spole\u010dnostem se logicky moc platit nechce. A proto nejednou zkou\u0161ej\u00ed r\u016fzn\u00e9 triky. T\u0159eba sv\u00e1d\u011bj\u00ed sv\u00e1 pochyben\u00ed na n\u011bco, co by je od placen\u00ed osvobodilo, nebo nekomunikuj\u00ed a doufaj\u00ed, \u017ee to neuspokojen\u00ed klienti \u010dasem vzdaj\u00ed. Proto\u017ee ne ka\u017ed\u00fd m\u00e1 s\u00edly, aby si obstaral pot\u0159ebn\u00e9 d\u016fkazy o vin\u011b t\u00e9 kter\u00e9 spole\u010dnosti, ne ka\u017ed\u00fd m\u00e1 dost sil a nerv\u016f na to, aby se dom\u00e1hal sv\u00fdch n\u00e1rok\u016f soudn\u00ed cestou.  A proto je v p\u0159\u00edpad\u011b t\u011bch, kdo se na to nec\u00edt\u00ed, ov\u0161em necht\u011bj\u00ed o sv\u00e9 n\u00e1roky p\u0159ij\u00edt, b\u011b\u017en\u00e9, \u017ee to daj\u00ed t\u011bm nejp\u0159\u00edhodn\u011bj\u0161\u00edm pr\u00e1vn\u00edk\u016fm. A kdy\u017e je vym\u00e1h\u00e1na n\u00e1hrada za zpo\u017ed\u011bn\u00ed letu https\/\/claimcloud.cz\/cs\/rights\/delayed\/, je \u00fasp\u011bch zaru\u010den. Tito pr\u00e1vn\u00edci toti\u017e dob\u0159e v\u011bd\u00ed, jak si obstarat pot\u0159ebn\u00e9 podklady, a nev\u00e1haj\u00ed se na soud obr\u00e1tit a dot\u00e1hnout to do konce. A co pot\u011b\u0161\u00ed lidi po\u0161kozen\u00e9 on\u00edm zpo\u017ed\u011bn\u00edm nejv\u00edce, je to, \u017ee si tito pomocn\u00edci berou provizi pouze v p\u0159\u00edpad\u011b, \u017ee ono od\u0161kodn\u00e9 skute\u010dn\u011b vymohou, d\u00edky \u010demu\u017e nen\u00ed \u010dlov\u011bk nikdy po\u0161kozen. M\u016f\u017ee na tom jen vyd\u011blat.  A vy mo\u017en\u00e1 t\u00e9\u017e.                                                                                                                                                                                                                                                                                                                                                                                          3.9\/5 - (8 votes)        "},{"@context":"https:\/\/schema.org\/","@type":"BreadcrumbList","itemListElement":[{"@type":"ListItem","position":1,"name":"Kdy \u010dlov\u011bka od\u0161kodn\u00ed?","item":"https:\/\/www.tagger.cz\/kdy-cloveka-odskodni\/#breadcrumbitem"}]}]