[{"@context":"https:\/\/schema.org\/","@type":"Article","@id":"https:\/\/www.tagger.cz\/potrebujete-uklidit\/#Article","mainEntityOfPage":"https:\/\/www.tagger.cz\/potrebujete-uklidit\/","headline":"Pot\u0159ebujete uklidit?","name":"Pot\u0159ebujete uklidit?","description":"Aspo\u0148 \u010das od \u010dasu se mus\u00ed uklidit pomalu v\u0161ude. Kdyby se to ned\u011blo, u\u017e d\u00e1vno by se lidstvo utopilo ve \u0161p\u00edn\u011b nebo pom\u0159elo na nejr\u016fzn\u011bj\u0161\u00ed nemoci, kter\u00e9 n\u011bjak se \u0161p\u00ednou a odpadky souvisej\u00ed. A proto lid\u00e9 ukl\u00edzej\u00ed. Doma a ve spole\u010dn\u00fdch prostorech obytn\u00fdch budov v\u011bt\u0161inou sami, na pracovi\u0161ti nebo na ve\u0159ejn\u00fdch prostranstv\u00edch sp\u00ed\u0161 prost\u0159ednictv\u00edm pov\u011b\u0159en\u00fdch<a class=\"read-more\" href=\"https:\/\/www.tagger.cz\/potrebujete-uklidit\/\">Read More<\/a>","datePublished":"2020-02-07","dateModified":"2023-04-27","author":{"@type":"Person","@id":"https:\/\/www.tagger.cz\/author\/#Person","name":"tagger.cz","url":"https:\/\/www.tagger.cz\/author\/","identifier":1,"image":{"@type":"ImageObject","@id":"https:\/\/secure.gravatar.com\/avatar\/4e6a74466e4227c12d5306875d08720cdfce3572213740db6f4a2e5e46e710ff?s=96&d=mm&r=g","url":"https:\/\/secure.gravatar.com\/avatar\/4e6a74466e4227c12d5306875d08720cdfce3572213740db6f4a2e5e46e710ff?s=96&d=mm&r=g","height":96,"width":96}},"publisher":{"@type":"Organization","name":"tagger.cz","logo":{"@type":"ImageObject","@id":"\/logo.png","url":"\/logo.png","width":600,"height":60}},"image":{"@type":"ImageObject","@id":"https:\/\/www.tagger.cz\/wp-content\/uploads\/img_a373703_w1705_t1585136568.png","url":"https:\/\/www.tagger.cz\/wp-content\/uploads\/img_a373703_w1705_t1585136568.png","height":0,"width":0},"url":"https:\/\/www.tagger.cz\/potrebujete-uklidit\/","about":["Business"],"wordCount":444,"articleBody":"Aspo\u0148 \u010das od \u010dasu se mus\u00ed uklidit pomalu v\u0161ude. Kdyby se to ned\u011blo, u\u017e d\u00e1vno by se lidstvo utopilo ve \u0161p\u00edn\u011b nebo pom\u0159elo na nejr\u016fzn\u011bj\u0161\u00ed nemoci, kter\u00e9 n\u011bjak se \u0161p\u00ednou a odpadky souvisej\u00ed. A proto lid\u00e9 ukl\u00edzej\u00ed. Doma a ve spole\u010dn\u00fdch prostorech obytn\u00fdch budov v\u011bt\u0161inou sami, na pracovi\u0161ti nebo na ve\u0159ejn\u00fdch prostranstv\u00edch sp\u00ed\u0161 prost\u0159ednictv\u00edm pov\u011b\u0159en\u00fdch pracovn\u00edk\u016f. Jen\u017ee p\u0159iznejme si, \u017ee se takov\u00e9 ukl\u00edzen\u00ed \u010dasto docela odb\u00fdv\u00e1. Nemysl\u00edm te\u010f v p\u0159\u00edpad\u011b profesion\u00e1l\u016f, jako jsou meta\u0159i, popel\u00e1\u0159i a ukl\u00edze\u010dky z profese, i kdy\u017e ani ti \u010dasto nepod\u00e1vaj\u00ed zrovna dokonal\u00e9 v\u00fdkony, ale v p\u0159\u00edpad\u011b n\u00e1s, oby\u010dejn\u00fdch lid\u00ed. My t\u0159eba pracujeme. A kdy\u017e se za celou pracovn\u00ed dobu nezastav\u00edme, je jasn\u00e9, \u017ee se n\u00e1m po n\u00ed u\u017e nechce moc ukl\u00edzet. A tak si t\u0159eba sklid\u00edme v\u011bci ze stolu nebo v\u0161echno poschov\u00e1v\u00e1me po sk\u0159\u00edn\u00edch, ale \u017ee bychom se n\u011bjak mimo\u0159\u00e1dn\u011b starali o \u010distotu toho kolem, to ne. Na to u\u017e \u010das neob\u011btujeme. Chceme p\u0159ece taky j\u00edt dom\u016f. A doma? Ani tam to zrovna nep\u0159eh\u00e1n\u00edme. Po\u0159\u00e1dn\u011b se vygruntuje p\u0159ed V\u00e1nocemi, to abychom si nerozhn\u011bvali Je\u017e\u00ed\u0161ka, zvl\u00e1dneme i jarn\u00ed velk\u00fd \u00faklid, ale jinak se \u010dasto kdeco o\u0161id\u00ed. Proto\u017ee jsme moc unaven\u00ed na to, abychom se se v\u0161\u00edm c\u00eddili, abychom ka\u017edou chv\u00edli ut\u00edrali prach, myli okna a tak. Ale uklizeno chceme m\u00edt. A kdy\u017e chceme m\u00edt uklizeno v Praze, m\u016f\u017eeme to vy\u0159e\u0161it t\u0159eba t\u00edm, \u017ee si zjedn\u00e1me \u00faklid Praha 9. To je toti\u017e firma, kter\u00e1 tuhle \u010dasto neobl\u00edbenou \u010dinnost ud\u011bl\u00e1 za n\u00e1s. Zam\u011bstn\u00e1v\u00e1 toti\u017e dokonal\u00e9 hospody\u0148ky, kter\u00e9 si porad\u00ed s ka\u017ed\u00fdm \u00faklidem n\u011bkde v dom\u00e1cnosti, m\u00e1 ale i lidi na \u00faklid firem, staveni\u0161\u0165 a podobn\u011b. Kdy\u017e si je objedn\u00e1me, uklid\u00ed n\u00e1m doma, a to dokonce s pomoc\u00ed ekologick\u00fdch \u010distic\u00edch prost\u0159edk\u016f, daj\u00ed n\u00e1m bydlen\u00ed do po\u0159\u00e1dku, ani\u017e bychom pro to museli sami cokoliv ud\u011blat. Nebo n\u00e1m uklid\u00ed na pracovi\u0161ti, a to se to potom v takov\u00e9m p\u0159\u00edjemn\u00e9m prost\u0159ed\u00ed pracuje! A odstran\u00ed klidn\u011b i hrub\u00e9 ne\u010distoty po stavb\u011b nebo rekonstrukci, umyj\u00ed okna, vy\u010dist\u00ed koberce a \u010daloun\u011bn\u00fd n\u00e1bytek. A nen\u00ed nad to, p\u0159ij\u00edt potom k hotov\u00e9mu a jenom si u\u017e\u00edvat.                                                                                                                                                                                                                                                                                                                                                                                        5\/5 - (4 votes)        "},{"@context":"https:\/\/schema.org\/","@type":"BreadcrumbList","itemListElement":[{"@type":"ListItem","position":1,"name":"Pot\u0159ebujete uklidit?","item":"https:\/\/www.tagger.cz\/potrebujete-uklidit\/#breadcrumbitem"}]}]