[{"@context":"https:\/\/schema.org\/","@type":"Article","@id":"https:\/\/www.tagger.cz\/prostorna-skrin-pro-vase-obleceni\/#Article","mainEntityOfPage":"https:\/\/www.tagger.cz\/prostorna-skrin-pro-vase-obleceni\/","headline":"Prostorn\u00e1 sk\u0159\u00ed\u0148 pro va\u0161e oble\u010den\u00ed","name":"Prostorn\u00e1 sk\u0159\u00ed\u0148 pro va\u0161e oble\u010den\u00ed","description":"https:\/\/www.frekvence1.cz\/clanky\/spolehliva-cestovni-kancelar-s-dlouhou-tradici.shtml d&gt; Bojujete u v\u00e1s doma s nedostatkem \u00falo\u017en\u00fdch prostor\u016f? Nejen pokud se va\u0161e rodina brzy rozroste o dal\u0161\u00edho \u010dlena, ale zkr\u00e1tka pokud se v\u00e1m hod\u00ed n\u011bjak\u00fd ten dal\u0161\u00ed \u00falo\u017en\u00fd prostor nav\u00edc, ocen\u00edte praktick\u00e9 \u0159e\u0161en\u00ed, kter\u00e9 v\u00e1m neubere zbyte\u010dn\u00e9 centimetry z va\u0161eho interi\u00e9ru. Cht\u011bli byste \u0159e\u0161en\u00ed vhodn\u00e9 i do mal\u00fdch byt\u016f? I v takov\u00e9m p\u0159\u00edpad\u011b<a class=\"read-more\" href=\"https:\/\/www.tagger.cz\/prostorna-skrin-pro-vase-obleceni\/\">Read More<\/a>","datePublished":"2019-06-20","dateModified":"2023-04-27","author":{"@type":"Person","@id":"https:\/\/www.tagger.cz\/author\/#Person","name":"tagger.cz","url":"https:\/\/www.tagger.cz\/author\/","identifier":1,"image":{"@type":"ImageObject","@id":"https:\/\/secure.gravatar.com\/avatar\/4e6a74466e4227c12d5306875d08720cdfce3572213740db6f4a2e5e46e710ff?s=96&d=mm&r=g","url":"https:\/\/secure.gravatar.com\/avatar\/4e6a74466e4227c12d5306875d08720cdfce3572213740db6f4a2e5e46e710ff?s=96&d=mm&r=g","height":96,"width":96}},"publisher":{"@type":"Organization","name":"tagger.cz","logo":{"@type":"ImageObject","@id":"\/logo.png","url":"\/logo.png","width":600,"height":60}},"image":{"@type":"ImageObject","@id":"https:\/\/www.tagger.cz\/wp-content\/uploads\/img_a355829_w1705_t1570449221.jpg","url":"https:\/\/www.tagger.cz\/wp-content\/uploads\/img_a355829_w1705_t1570449221.jpg","height":0,"width":0},"url":"https:\/\/www.tagger.cz\/prostorna-skrin-pro-vase-obleceni\/","about":["N\u00e1kupy"],"wordCount":393,"articleBody":" https:\/\/www.frekvence1.cz\/clanky\/spolehliva-cestovni-kancelar-s-dlouhou-tradici.shtml d&gt;      Bojujete u v\u00e1s doma s nedostatkem \u00falo\u017en\u00fdch prostor\u016f? Nejen pokud se va\u0161e rodina brzy rozroste o dal\u0161\u00edho \u010dlena, ale zkr\u00e1tka pokud se v\u00e1m hod\u00ed n\u011bjak\u00fd ten dal\u0161\u00ed \u00falo\u017en\u00fd prostor nav\u00edc, ocen\u00edte praktick\u00e9 \u0159e\u0161en\u00ed, kter\u00e9 v\u00e1m neubere zbyte\u010dn\u00e9 centimetry z va\u0161eho interi\u00e9ru. Cht\u011bli byste \u0159e\u0161en\u00ed vhodn\u00e9 i do mal\u00fdch byt\u016f? I v takov\u00e9m p\u0159\u00edpad\u011b m\u016f\u017eete z\u00edskat nov\u00e9 a \u00falo\u017en\u00e9 prostory pro spoustu va\u0161ich v\u011bc\u00ed. \u0158e\u0161en\u00ed je naprosto jednoduch\u00e9 a praktick\u00e9. Praktick\u00e9 vestav\u011bn\u00e9 sk\u0159\u00edn\u011b Praha sten-skrine v\u00e1m pomohou u\u0161et\u0159it m\u00edsto ve va\u0161em interi\u00e9ru, dodat va\u0161emu domovu nov\u00fd design a v\u00e1m poskytnout nov\u00e9 \u00falo\u017en\u00e9 prostory, kter\u00e9 ur\u010dit\u011b ocen\u00edte. Prom\u011b\u0148te v\u00e1\u0161 interi\u00e9r a dopl\u0148te ho o tento praktick\u00fd kousek n\u00e1bytku v podob\u011b chyt\u0159e \u0159e\u0161en\u00fdch \u00falo\u017en\u00fdch prostor\u016f. Toto \u0159e\u0161en\u00ed ocen\u00ed nejen ti, kte\u0159\u00ed nedisponuj\u00ed m\u00edstem nav\u00edc. Pot\u011b\u0161\u00ed tak\u00e9 ty, co maj\u00ed r\u00e1di styl, design a modern\u00ed vzhled v oblasti bydlen\u00ed. Vyu\u017eijte v\u00e1\u0161 voln\u00fd prostor v interi\u00e9ru na maximum a nechte si vyrobit praktickou a designovou vestav\u011bnou sk\u0159\u00ed\u0148 na m\u00edru. Zvolte si pro v\u00fdrobu tohoto kousku n\u00e1bytku ov\u011b\u0159enou a spolehlivou firmu s dlouholetou tradic\u00ed. Samoz\u0159ejmost\u00ed je pou\u017eit\u00ed jen t\u011bch nejkvalitn\u011bj\u0161\u00edch materi\u00e1l\u016f tak, aby v\u00e1m mohl n\u00e1bytek co nejd\u00e9le slou\u017eit. Zvolte si design, kter\u00fd bude ladit s va\u0161\u00edm interi\u00e9rem Vyberte si ze spousty nejr\u016fzn\u011bj\u0161\u00edch materi\u00e1l\u016f a modul\u016f, kter\u00e9 m\u016f\u017eete p\u0159izp\u016fsobit va\u0161im pot\u0159eb\u00e1m nebo se inspirujte ve fotogalerii. Vyu\u017eijte ka\u017ed\u00e9 m\u00edsto uvnit\u0159 vestav\u011bn\u00e9 sk\u0159\u00edn\u011b, a to do posledn\u00edho centimetru. V\u00fdsledkem budou chyt\u0159e \u0159e\u0161en\u00e9 \u00falo\u017en\u00e9 prostory, kter\u00e9 u v\u00e1s doma ocen\u00ed cel\u00e1 rodina. Spolehn\u011bte se na kvalitn\u00ed proveden\u00ed a odoln\u00e9 materi\u00e1ly s dlouhou \u017eivotnost\u00ed. Investujte do n\u00e1bytku od zku\u0161en\u00e9 firmy, kter\u00e1 m\u00e1 dlouholetou tradici na trhu s n\u00e1bytkem. U\u017eijte si s celou va\u0161\u00ed rodinou nov\u00e9 \u00falo\u017en\u00e9 prostory a kr\u00e1sn\u00fd design, kter\u00fd z\u00fatuln\u00ed v\u00e1\u0161 domov a dod\u00e1 mu modern\u00ed vzhled.                                                                                                                                                                                                                                                                                                                                                                                          4.5\/5 - (11 votes)        "},{"@context":"https:\/\/schema.org\/","@type":"BreadcrumbList","itemListElement":[{"@type":"ListItem","position":1,"name":"Prostorn\u00e1 sk\u0159\u00ed\u0148 pro va\u0161e oble\u010den\u00ed","item":"https:\/\/www.tagger.cz\/prostorna-skrin-pro-vase-obleceni\/#breadcrumbitem"}]}]