[{"@context":"https:\/\/schema.org\/","@type":"Article","@id":"https:\/\/www.tagger.cz\/pustte-na-predvanocni-uklid-profesionaly\/#Article","mainEntityOfPage":"https:\/\/www.tagger.cz\/pustte-na-predvanocni-uklid-profesionaly\/","headline":"Pus\u0165te na p\u0159edv\u00e1no\u010dn\u00ed \u00faklid profesion\u00e1ly!","name":"Pus\u0165te na p\u0159edv\u00e1no\u010dn\u00ed \u00faklid profesion\u00e1ly!","description":"Bl\u00ed\u017e\u00ed se V\u00e1noce a ty p\u0159edstavuj\u00ed v mnoha rodin\u00e1ch dobu intenzivn\u00edho \u00faklidu. V\u017edy\u0165 v\u0161ichni chceme m\u00edt na sv\u00e1tky doma kr\u00e1sn\u011b \u010disto a \u00fatulno. Proto se hospody\u0148ky mohou doslova p\u0159etrhnout, aby tomu tak bylo i u nich. Jen\u017ee v\u00fdsledkem nen\u00ed jen dom\u00e1cnost jako ze \u0161katulky, ale tak\u00e9 velice unaven\u00e9 a podr\u00e1\u017ed\u011bn\u00e9 pan\u00ed domu, kter\u00e9 si pak<a class=\"read-more\" href=\"https:\/\/www.tagger.cz\/pustte-na-predvanocni-uklid-profesionaly\/\">Read More<\/a>","datePublished":"2019-06-24","dateModified":"2023-04-27","author":{"@type":"Person","@id":"https:\/\/www.tagger.cz\/author\/#Person","name":"tagger.cz","url":"https:\/\/www.tagger.cz\/author\/","identifier":1,"image":{"@type":"ImageObject","@id":"https:\/\/secure.gravatar.com\/avatar\/4e6a74466e4227c12d5306875d08720cdfce3572213740db6f4a2e5e46e710ff?s=96&d=mm&r=g","url":"https:\/\/secure.gravatar.com\/avatar\/4e6a74466e4227c12d5306875d08720cdfce3572213740db6f4a2e5e46e710ff?s=96&d=mm&r=g","height":96,"width":96}},"publisher":{"@type":"Organization","name":"tagger.cz","logo":{"@type":"ImageObject","@id":"\/logo.png","url":"\/logo.png","width":600,"height":60}},"image":{"@type":"ImageObject","@id":"https:\/\/www.tagger.cz\/wp-content\/uploads\/img_a355864_w1705_t1570519693.jpg","url":"https:\/\/www.tagger.cz\/wp-content\/uploads\/img_a355864_w1705_t1570519693.jpg","height":0,"width":0},"url":"https:\/\/www.tagger.cz\/pustte-na-predvanocni-uklid-profesionaly\/","about":["D\u016fm a zahrada"],"wordCount":423,"articleBody":"       Bl\u00ed\u017e\u00ed se V\u00e1noce a ty p\u0159edstavuj\u00ed v mnoha rodin\u00e1ch dobu intenzivn\u00edho \u00faklidu. V\u017edy\u0165 v\u0161ichni chceme m\u00edt na sv\u00e1tky doma kr\u00e1sn\u011b \u010disto a \u00fatulno. Proto se hospody\u0148ky mohou doslova p\u0159etrhnout, aby tomu tak bylo i u nich. Jen\u017ee v\u00fdsledkem nen\u00ed jen dom\u00e1cnost jako ze \u0161katulky, ale tak\u00e9 velice unaven\u00e9 a podr\u00e1\u017ed\u011bn\u00e9 pan\u00ed domu, kter\u00e9 si pak n\u00e1sledn\u00e9 sv\u00e1tky kv\u016fli sv\u00e9 vy\u010derpanosti ani p\u0159\u00edli\u0161 nevychutnaj\u00ed. Ov\u0161em takov\u00e1 situace m\u00e1 snadn\u00e9 \u0159e\u0161en\u00ed \u2013 sta\u010d\u00ed, kdy\u017e se s \u017e\u00e1dost\u00ed o pomoc obr\u00e1t\u00edte na profesion\u00e1ly! V tomto sm\u011bru m\u00e1te hned n\u011bkolik mo\u017enost\u00ed. Bu\u010f si m\u016f\u017eete objednat p\u0159edv\u00e1no\u010dn\u00ed \u00faklid na m\u00edru, kter\u00fd zahrne v\u0161e, co pova\u017eujete za d\u016fle\u017eit\u00e9 d\u00e1t p\u0159ed sv\u00e1tky do po\u0159\u00e1dku, anebo m\u016f\u017eete profesion\u00e1l\u016fm sv\u011b\u0159it jen n\u011bkter\u00e9 v\u011bci \u2013 \u00fakoly, kter\u00e9 jsou n\u00e1ro\u010dn\u00e9 a fyzicky vy\u010derp\u00e1vaj\u00edc\u00ed. K takov\u00fdm \u00fakol\u016fm jist\u011b pat\u0159\u00ed i pran\u00ed koberc\u016f a \u010dist\u011bn\u00ed \u010daloun\u011bn\u00ed. Nav\u00edc, jen m\u00e1lokdo z n\u00e1s m\u00e1 po ruce v\u0161e pot\u0159ebn\u00e9, co nezbytn\u011b pot\u0159ebuje k tomu, aby bytov\u00e9 textilie znovu z\u00e1\u0159ily \u010distotou. Naopak se i p\u0159i t\u00e9 nejlep\u0161\u00ed snaze mnohdy nepoda\u0159\u00ed za\u0161l\u00e9 skvrny vy\u010distit, i kdy\u017e se u toho t\u0159eba po\u0159\u00e1dn\u011b zapot\u00edte.Proto je mnohem lep\u0161\u00ed, p\u0159izvat na pomoc k takov\u00e9mu \u00fakolu profesion\u00e1ly. Kdy\u017e se obr\u00e1t\u00edte na firmu, kter\u00e1 se na \u010di\u0161t\u011bn\u00ed koberc\u016f a \u010daloun\u011bn\u00ed specializuje a m\u00e1 za sebou des\u00edtky let zku\u0161enost\u00ed, tak v\u00e1s rozhodn\u011b nezklame. Profesion\u00e1ln\u00ed \u010di\u0161t\u011bn\u00ed koberc\u016f i \u010daloun\u011bn\u00ed https:\/\/www.wismont-cisteni.cz\/ v\u00e1m u\u0161et\u0159\u00ed \u010das i mnoho \u00fasil\u00ed, a p\u0159itom zajist\u00ed, \u017ee va\u0161e dom\u00e1cnost bude jako ze \u0161katulky. Nav\u00edc, takov\u00e1to slu\u017eba se v\u00e1m zdaleka nebude hodit pouze o sv\u00e1tc\u00edch, ale vyu\u017eijete ji i kdykoli v pr\u016fb\u011bhu roku, kdy to bude pot\u0159eba \u2013 t\u0159eba po bujar\u00e9m ve\u010d\u00edrku, kter\u00fd zanechal nesmazateln\u00e9 stopy na seda\u010dce a na koberci. Specialist\u00e9 vyu\u017e\u00edvaj\u00ed mnohem efektivn\u011bj\u0161\u00ed postupy, v\u00fdkonn\u011bj\u0161\u00ed stroje a \u00fa\u010dinn\u011bj\u0161\u00ed \u010distic\u00ed prost\u0159edky, ne\u017e ty, kter\u00e9 maj\u00ed k dispozici b\u011b\u017en\u00ed lid\u00e9. A to je hlavn\u00edm d\u016fvodem, pro\u010d je v\u00fdsledek jejich pr\u00e1ce dokonal\u00fd a va\u0161e koberce budou jako nov\u00e9!                                                                                                                                                                                                                                                                                                                                                                                          5\/5 - (2 votes)        "},{"@context":"https:\/\/schema.org\/","@type":"BreadcrumbList","itemListElement":[{"@type":"ListItem","position":1,"name":"Pus\u0165te na p\u0159edv\u00e1no\u010dn\u00ed \u00faklid profesion\u00e1ly!","item":"https:\/\/www.tagger.cz\/pustte-na-predvanocni-uklid-profesionaly\/#breadcrumbitem"}]}]