[{"@context":"https:\/\/schema.org\/","@type":"Article","@id":"https:\/\/www.tagger.cz\/sklenikove-variace\/#Article","mainEntityOfPage":"https:\/\/www.tagger.cz\/sklenikove-variace\/","headline":"Sklen\u00edkov\u00e9 variace","name":"Sklen\u00edkov\u00e9 variace","description":"Pokud bych V\u00e1m polo\u017eila ot\u00e1zku, jestli m\u00e1te sklen\u00edk, asi bych ji musela specifikovat trochu bl\u00ed\u017ee. Toto slovo m\u00e1 toti\u017e n\u011bkolik v\u00fdznam\u016f. M\u016f\u017eete m\u00edt sklen\u00edk na \u00b7\u00a0\u00a0\u00a0\u00a0\u00a0\u00a0\u00a0 p\u011bstov\u00e1n\u00ed ovoce \u00b7\u00a0\u00a0\u00a0\u00a0\u00a0\u00a0\u00a0 rychlen\u00ed zeleniny \u00b7\u00a0\u00a0\u00a0\u00a0\u00a0\u00a0\u00a0 \u0161lecht\u011bn\u00ed bonsaj\u00ed \u00b7\u00a0\u00a0\u00a0\u00a0\u00a0\u00a0\u00a0 mno\u017een\u00ed kaktus\u016f. Takov\u00fd sklen\u00edk chr\u00e1n\u00ed Va\u0161e rostlinky p\u0159ed nep\u0159\u00edzn\u00ed po\u010das\u00ed.Jeho z\u00e1sluhou budete m\u00edt k\u0159ehou\u010dk\u00fd sal\u00e1t je\u0161t\u011b p\u0159ed za\u010d\u00e1tkem sezony. Zahradn\u00ed<a class=\"read-more\" href=\"https:\/\/www.tagger.cz\/sklenikove-variace\/\">Read More<\/a>","datePublished":"2023-04-27","dateModified":"2023-04-27","author":{"@type":"Person","@id":"https:\/\/www.tagger.cz\/author\/#Person","name":"tagger.cz","url":"https:\/\/www.tagger.cz\/author\/","identifier":1,"image":{"@type":"ImageObject","@id":"https:\/\/secure.gravatar.com\/avatar\/4e6a74466e4227c12d5306875d08720cdfce3572213740db6f4a2e5e46e710ff?s=96&d=mm&r=g","url":"https:\/\/secure.gravatar.com\/avatar\/4e6a74466e4227c12d5306875d08720cdfce3572213740db6f4a2e5e46e710ff?s=96&d=mm&r=g","height":96,"width":96}},"publisher":{"@type":"Organization","name":"tagger.cz","logo":{"@type":"ImageObject","@id":"\/logo.png","url":"\/logo.png","width":600,"height":60}},"url":"https:\/\/www.tagger.cz\/sklenikove-variace\/","about":["D\u016fm a zahrada"],"wordCount":409,"articleBody":"Pokud bych V\u00e1m polo\u017eila ot\u00e1zku, jestli m\u00e1te sklen\u00edk, asi bych ji musela specifikovat trochu bl\u00ed\u017ee. Toto slovo m\u00e1 toti\u017e n\u011bkolik v\u00fdznam\u016f.M\u016f\u017eete m\u00edt sklen\u00edk na\u00b7\u00a0\u00a0\u00a0\u00a0\u00a0\u00a0\u00a0 p\u011bstov\u00e1n\u00ed ovoce\u00b7\u00a0\u00a0\u00a0\u00a0\u00a0\u00a0\u00a0 rychlen\u00ed zeleniny\u00b7\u00a0\u00a0\u00a0\u00a0\u00a0\u00a0\u00a0 \u0161lecht\u011bn\u00ed bonsaj\u00ed\u00b7\u00a0\u00a0\u00a0\u00a0\u00a0\u00a0\u00a0 mno\u017een\u00ed kaktus\u016f.Takov\u00fd sklen\u00edk chr\u00e1n\u00ed Va\u0161e rostlinky p\u0159ed nep\u0159\u00edzn\u00ed po\u010das\u00ed.Jeho z\u00e1sluhou budete m\u00edt k\u0159ehou\u010dk\u00fd sal\u00e1t je\u0161t\u011b p\u0159ed za\u010d\u00e1tkem sezony. Zahradn\u00ed sklen\u00edk se vyskytuje v mnoha velikostech a tvarech. Jsou sklen\u00edky, do kter\u00fdch se vejdou maxim\u00e1ln\u011b Va\u0161e ruce, aby upravily okol\u00ed Va\u0161\u00ed flory a pak jsou takov\u00e9, do kter\u00fdch m\u016f\u017eete zajet klidn\u011b i autem. Za t\u00edm nejv\u011bt\u0161\u00edm \u010desk\u00fdm byste se museli vydato\u00a0\u00a0 do botanick\u00e9 zahrady v Libercio\u00a0\u00a0 anebo do Pra\u017esk\u00e9 botanick\u00e9 zahrady.Ty b\u011b\u017en\u00e9, kter\u00e9 jsou k vid\u011bn\u00ed na na\u0161ich zahrad\u00e1ch, jsou v\u011bt\u0161inou velikost\u00ed p\u0159ipom\u00ednaj\u00edc\u00ed b\u011b\u017enou gar\u00e1\u017e. \u010clov\u011bk tam m\u016f\u017ee pohodln\u011b st\u00e1t u z\u00e1honk\u016f, kter\u00e9 m\u00e1 hned po ruce, ve v\u00fd\u0161i lokt\u016f.\tPiknik ve sklen\u00edkuJestli\u017ee bych \u00favodn\u00ed ot\u00e1zku o vlastnictv\u00ed sklen\u00edku polo\u017eila d\u00e1m\u011b ze st\u0159edn\u00edch vrstev, \u017eij\u00edc\u00ed v polovin\u011b devaten\u00e1ct\u00e9ho stolet\u00ed, asi by m\u011b zavedla do ob\u00fdvac\u00edho pokoje,kde by uk\u00e1zala na prosklenou sk\u0159\u00ed\u0148, ve kter\u00e9 m\u00e1 ulo\u017een\u00fd\u00b7\u00a0\u00a0\u00a0\u00a0\u00a0\u00a0\u00a0\u00a0 zlacen\u00fd servis pro vz\u00e1cn\u00e9 n\u00e1v\u0161t\u011bvy\u00b7\u00a0\u00a0\u00a0\u00a0\u00a0\u00a0\u00a0\u00a0 brou\u0161enou v\u00e1zu po babi\u010dce\u00b7\u00a0\u00a0\u00a0\u00a0\u00a0\u00a0\u00a0\u00a0 d\u011bde\u010dkovy kapesn\u00ed hodinky.Prost\u011b to bylo m\u00edsto na cenn\u00e9 v\u011bci, kter\u00e9 m\u011bly b\u00fdt vid\u011bny. Ne, \u017ee by byl pro ni p\u0159edchoz\u00ed v\u00fdznam zcela ciz\u00ed, ale asi by ho s p\u011bstov\u00e1n\u00edm zelen\u011b nespojovala. Leda, \u017ee by byla z vrstev vy\u0161\u0161\u00edch a dob\u0159e se znala s\u00a0hrab\u011bc\u00edm rodem Chotk\u016f. Ti m\u011bli toti\u017e sklen\u00edk na sv\u00e9m z\u00e1mku Veltrusy. A nebyl ledajak\u00fd. Nejen, \u017ee byl celkem rozlehl\u00fd, ale i na svou dobu modern\u011b za\u0159\u00edzen\u00fd. Dodnes je tu funk\u010dn\u00ed kan\u00e1lov\u00e9 vyt\u00e1p\u011bn\u00ed.Dal\u0161\u00ed vyu\u017eit\u00ed m\u00e1 sklen\u00edk jako zahradn\u00ed alt\u00e1n, ve kter\u00e9m je ur\u010dit\u011b p\u0159\u00edjemn\u00e9 zvl\u00e1\u0161t\u011b jarn\u00ed posezen\u00ed, kdy je\u0161t\u011b slun\u00ed\u010dko tolik nes\u00e1l\u00e1 a kde m\u016f\u017eeme po\u0159\u00e1dat i netradi\u010dn\u00ed p\u00e1rty s\u00a0p\u0159\u00e1teli nebo oslavu narozenin.                                                                                                                                                                                                                                                                                                                                                                                        5\/5 - (3 votes)        "},{"@context":"https:\/\/schema.org\/","@type":"BreadcrumbList","itemListElement":[{"@type":"ListItem","position":1,"name":"Sklen\u00edkov\u00e9 variace","item":"https:\/\/www.tagger.cz\/sklenikove-variace\/#breadcrumbitem"}]}]