[{"@context":"https:\/\/schema.org\/","@type":"Article","@id":"https:\/\/www.tagger.cz\/taska-pro-popelku\/#Article","mainEntityOfPage":"https:\/\/www.tagger.cz\/taska-pro-popelku\/","headline":"Ta\u0161ka pro Popelku","name":"Ta\u0161ka pro Popelku","description":"Dok\u00e1\u017eete si p\u0159edstavit ta\u0161ku, kter\u00e1 by se ve\u0161la do sko\u0159\u00e1pky vla\u0161sk\u00e9ho o\u0159echu?Jestli te\u010f krout\u00edte hlavou a mysl\u00edte si n\u011bco o uprchl\u00e9m, zdrav\u00e9m rozumu, vyvedu V\u00e1s z omylu. Tou ta\u0161kou, kterou by mohla m\u00edt Popelka ve \u010dtvrt\u00e9m o\u0159\u00ed\u0161ku, je s\u00ed\u0165ovka. Je pravda, \u017ee m\u011bla Popelka o\u0159\u00ed\u0161ky l\u00edskov\u00e9, ale to u\u017e je detail. \u00b7\u00a0\u00a0\u00a0\u00a0\u00a0\u00a0\u00a0 S\u00ed\u0165ovka je prost\u011b<a class=\"read-more\" href=\"https:\/\/www.tagger.cz\/taska-pro-popelku\/\">Read More<\/a>","datePublished":"2023-04-27","dateModified":"2023-04-27","author":{"@type":"Person","@id":"https:\/\/www.tagger.cz\/author\/#Person","name":"tagger.cz","url":"https:\/\/www.tagger.cz\/author\/","identifier":1,"image":{"@type":"ImageObject","@id":"https:\/\/secure.gravatar.com\/avatar\/4e6a74466e4227c12d5306875d08720cdfce3572213740db6f4a2e5e46e710ff?s=96&d=mm&r=g","url":"https:\/\/secure.gravatar.com\/avatar\/4e6a74466e4227c12d5306875d08720cdfce3572213740db6f4a2e5e46e710ff?s=96&d=mm&r=g","height":96,"width":96}},"publisher":{"@type":"Organization","name":"tagger.cz","logo":{"@type":"ImageObject","@id":"\/logo.png","url":"\/logo.png","width":600,"height":60}},"url":"https:\/\/www.tagger.cz\/taska-pro-popelku\/","about":["N\u00e1kupy"],"wordCount":424,"articleBody":"Dok\u00e1\u017eete si p\u0159edstavit ta\u0161ku, kter\u00e1 by se ve\u0161la do sko\u0159\u00e1pky vla\u0161sk\u00e9ho o\u0159echu?Jestli te\u010f krout\u00edte hlavou a mysl\u00edte si n\u011bco o uprchl\u00e9m, zdrav\u00e9m rozumu, vyvedu V\u00e1s z omylu. Tou ta\u0161kou, kterou by mohla m\u00edt Popelka ve \u010dtvrt\u00e9m o\u0159\u00ed\u0161ku, je s\u00ed\u0165ovka. Je pravda, \u017ee m\u011bla Popelka o\u0159\u00ed\u0161ky l\u00edskov\u00e9, ale to u\u017e je detail.\u00b7\u00a0\u00a0\u00a0\u00a0\u00a0\u00a0\u00a0 S\u00ed\u0165ovka je prost\u011b vyn\u00e1lez, kter\u00fd nem\u00e1 konkurenci.\u00b7\u00a0\u00a0\u00a0\u00a0\u00a0\u00a0\u00a0 A dokonce je \u010dist\u011b \u010desk\u00fd.Kdy\u017e \u010desk\u00fd podnikatel, Vav\u0159\u00edn Kr\u010dil, zjistil, \u017ee jeho s\u00ed\u0165ky na vlasy na trhu za\u010d\u00ednaj\u00ed ztr\u00e1cet, bylo mu jasn\u00e9, \u017ee se mus\u00ed vydat jinou cestou. Ze s\u00edt\u011bk se p\u0159eorientoval na s\u00ed\u0165ovky. A tak, \u017eeny i d\u011bti, ve \u017d\u010f\u00e1\u0159e nad S\u00e1zavou, po ve\u010derech vyr\u00e1b\u011bly n\u00e1kupn\u00ed ta\u0161ky.\tS\u00ed\u0165ovka sv\u011btob\u011b\u017eniceZprvu m\u011bli z\u00e1kazn\u00edci, k t\u00e9to podivn\u00e9 ta\u0161ce, ned\u016fv\u011bru.P\u0159eci jen \u2013 vydr\u017e\u00ed takov\u00e9 nic, t\u00edhu velk\u00e9ho n\u00e1kupu? Ned\u016fv\u011bra pozvolna opadla a s\u00ed\u0165ovka se stala hitem.Na trhu se objevily varianty&#8211;\u00a0\u00a0\u00a0\u00a0\u00a0\u00a0\u00a0\u00a0 n\u00e1kupn\u00ed&#8211;\u00a0\u00a0\u00a0\u00a0\u00a0\u00a0\u00a0\u00a0 vych\u00e1zkov\u00e1&#8211;\u00a0\u00a0\u00a0\u00a0\u00a0\u00a0\u00a0\u00a0 loketn\u00ed&#8211;\u00a0\u00a0\u00a0\u00a0\u00a0\u00a0\u00a0\u00a0 ramenov\u00e1Vyu\u017eit\u00ed na\u0161la i ve sportu. Daly se v\u00a0n\u00ed, pohodln\u011b, p\u0159en\u00e1\u0161et fotbalov\u00e9 m\u00ed\u010de. V jedn\u00e9 v\u011bci m\u011bl podnikatel Kr\u010dil tak trochu sm\u016flu. Jeliko\u017e nem\u011bl dostatek financ\u00ed, nemohl z\u00edskat patent na svou s\u00ed\u0165ovku.Proto je za\u010daly vyr\u00e1b\u011bt i v jin\u00fdch st\u00e1tech\u00b7\u00a0\u00a0\u00a0\u00a0\u00a0\u00a0\u00a0 \u0160v\u00fdcarsko\u00b7\u00a0\u00a0\u00a0\u00a0\u00a0\u00a0\u00a0 It\u00e1lie.Vav\u0159\u00edn Kr\u010dil je za\u010dal vyv\u00e1\u017eet do ostatn\u00edch zem\u00ed. D\u00e1 se \u0159\u00edci, \u017ee s nimi zaplavil cel\u00fd sv\u011bt.Jeho s\u00ed\u0165ovku nosili vo\u00a0\u00a0 Kanad\u011bo\u00a0\u00a0 Franciio\u00a0\u00a0 N\u011bmeckuo\u00a0\u00a0 Rakouskuo\u00a0\u00a0 a dokonce i v severn\u00ed Africe.V\u0161ichni na n\u00ed oce\u0148ovali zejm\u00e9na&#8211;\u00a0\u00a0\u00a0\u00a0\u00a0\u00a0\u00a0\u00a0 skladnost \u2013 ve\u0161la se do mal\u00e9 kapsy&#8211;\u00a0\u00a0\u00a0\u00a0\u00a0\u00a0\u00a0\u00a0 lehkost\u2013 \u010dlov\u011bk ani nev\u011bd\u011bl, \u017ee n\u011bco nese&#8211;\u00a0\u00a0\u00a0\u00a0\u00a0\u00a0\u00a0\u00a0 pru\u017enost\u2013 dovedla se nat\u00e1hnout do ob\u0159\u00edch rozm\u011br\u016f&#8211;\u00a0\u00a0\u00a0\u00a0\u00a0\u00a0\u00a0\u00a0 pevnost\u2013 i velice t\u011b\u017ek\u00fd n\u00e1kup bravurn\u011b zvl\u00e1dlaPam\u011btn\u00edci si mo\u017en\u00e1 je\u0161t\u011b vzpomenou na to, jak v s\u00ed\u0165ovce nesli, od k\u00e1d\u00ed, v\u00e1no\u010dn\u00edho kapra. Dnes pro\u017e\u00edv\u00e1 s\u00ed\u0165ovka svoje vzk\u0159\u00ed\u0161en\u00ed. Podnikatel Zden\u011bk \u010cervinka z\u00edskal patent na jej\u00ed v\u00fdrobu, opr\u00e1\u0161il \u0161est pletac\u00edch stroj\u016f a odvezl je do \u010c\u00edny, kde na nich d\u011bln\u00edci vyr\u00e1b\u011bj\u00ed na\u0161e \u010desk\u00e9 ta\u0161ky.                                                                                                                                                                                                                                                                                                                                                                                        4.2\/5 - (5 votes)        "},{"@context":"https:\/\/schema.org\/","@type":"BreadcrumbList","itemListElement":[{"@type":"ListItem","position":1,"name":"Ta\u0161ka pro Popelku","item":"https:\/\/www.tagger.cz\/taska-pro-popelku\/#breadcrumbitem"}]}]