[{"@context":"https:\/\/schema.org\/","@type":"Article","@id":"https:\/\/www.tagger.cz\/zabradli-ze-skla-ma-nekolik-podob\/#Article","mainEntityOfPage":"https:\/\/www.tagger.cz\/zabradli-ze-skla-ma-nekolik-podob\/","headline":"Z\u00e1bradl\u00ed ze skla m\u00e1 n\u011bkolik podob","name":"Z\u00e1bradl\u00ed ze skla m\u00e1 n\u011bkolik podob","description":"Dne\u0161n\u00ed stavebn\u00ed materi\u00e1ly jsou daleko na jin\u00e9 \u00farovni, ne\u017e byly p\u0159ed n\u011bkolika lety. Je to dob\u0159e, jeliko\u017e se nab\u00edz\u00ed pot\u00e9 jin\u00e9 mo\u017enosti realizace r\u016fzn\u00fdch bytov\u00fdch, ale i komer\u010dn\u00edch prvk\u016f. Nap\u0159\u00edklad kdo m\u00e1 v byt\u011b schody, tak mus\u00ed z\u00e1konit\u011b pouva\u017eovat, jak\u00e9 z\u00e1bradl\u00ed bude vhodn\u00e9 pro bezpe\u010dnost osob, ale z\u00e1rove\u0148 mus\u00ed m\u00edt spr\u00e1vn\u00fd design. A pr\u00e1v\u011b sklen\u011bn\u00e9<a class=\"read-more\" href=\"https:\/\/www.tagger.cz\/zabradli-ze-skla-ma-nekolik-podob\/\">Read More<\/a>","datePublished":"2019-06-05","dateModified":"2023-04-27","author":{"@type":"Person","@id":"https:\/\/www.tagger.cz\/author\/#Person","name":"tagger.cz","url":"https:\/\/www.tagger.cz\/author\/","identifier":1,"image":{"@type":"ImageObject","@id":"https:\/\/secure.gravatar.com\/avatar\/4e6a74466e4227c12d5306875d08720cdfce3572213740db6f4a2e5e46e710ff?s=96&d=mm&r=g","url":"https:\/\/secure.gravatar.com\/avatar\/4e6a74466e4227c12d5306875d08720cdfce3572213740db6f4a2e5e46e710ff?s=96&d=mm&r=g","height":96,"width":96}},"publisher":{"@type":"Organization","name":"tagger.cz","logo":{"@type":"ImageObject","@id":"\/logo.png","url":"\/logo.png","width":600,"height":60}},"image":{"@type":"ImageObject","@id":"https:\/\/www.tagger.cz\/wp-content\/uploads\/img_a355794_w1705_t1570446541.jpg","url":"https:\/\/www.tagger.cz\/wp-content\/uploads\/img_a355794_w1705_t1570446541.jpg","height":0,"width":0},"url":"https:\/\/www.tagger.cz\/zabradli-ze-skla-ma-nekolik-podob\/","about":["D\u016fm a zahrada"],"wordCount":430,"articleBody":"       Dne\u0161n\u00ed stavebn\u00ed materi\u00e1ly jsou daleko na jin\u00e9 \u00farovni, ne\u017e byly p\u0159ed n\u011bkolika lety. Je to dob\u0159e, jeliko\u017e se nab\u00edz\u00ed pot\u00e9 jin\u00e9 mo\u017enosti realizace r\u016fzn\u00fdch bytov\u00fdch, ale i komer\u010dn\u00edch prvk\u016f. Nap\u0159\u00edklad kdo m\u00e1 v byt\u011b schody, tak mus\u00ed z\u00e1konit\u011b pouva\u017eovat, jak\u00e9 z\u00e1bradl\u00ed bude vhodn\u00e9 pro bezpe\u010dnost osob, ale z\u00e1rove\u0148 mus\u00ed m\u00edt spr\u00e1vn\u00fd design. A pr\u00e1v\u011b sklen\u011bn\u00e9 z\u00e1bradl\u00ed ke schodi\u0161ti je jednou z mo\u017en\u00fdch alternativ, kter\u00e9 budou vyhovovat styl\u016fm modern\u00edho bydlen\u00ed. Nav\u00edc takov\u00e9 z\u00e1bradl\u00ed je vhodn\u00e9 nejen do soukrom\u00fdch objekt\u016f, ale i komer\u010dn\u00ed objekty jimi o\u017eij\u00ed. Tak\u00e9 nemus\u00ed b\u00fdt sou\u010d\u00e1st\u00ed interi\u00e9ru budov, ale d\u00edky odoln\u00e9mu materi\u00e1lu mu nebude vadit ani venkovn\u00ed prost\u0159ed\u00ed. V podstat\u011b takov\u00e9 z\u00e1bradl\u00ed m\u016f\u017eeme nainstalovat ke schodi\u0161ti, ale i na balk\u00f3ny, terasy, francouzsk\u00e1 okna, m\u016f\u017eeme je vid\u011bt v metru, podnikov\u00fdch budov\u00e1ch a podobn\u011b. Nej\u010dast\u011bji se setk\u00e1me s \u010dir\u00fdm sklem, ale v\u00fdjimkou nebude ani ml\u00e9\u010dn\u00e9, kou\u0159ov\u00e9 nebo barevn\u00e9 kalen\u00e9 sklo. Tak\u00e9 se mnohdy objev\u00ed sklo s r\u016fzn\u00fdmi potisky, kter\u00e9 p\u016fsob\u00ed tak\u00e9 velmi elegantn\u011b. Sklen\u011bn\u00e9 z\u00e1bradl\u00ed je bezpe\u010dn\u00e9 Mo\u017en\u00e1 m\u00e1 n\u011bkdo obavy, \u017ee zrovna sklo nen\u00ed ide\u00e1ln\u00ed pou\u017e\u00edt na bezpe\u010dn\u00e9 z\u00e1bradl\u00ed. Opak je ale pravdou, Takov\u00e9 z\u00e1bradl\u00ed mus\u00ed spl\u0148ovat n\u011bjak\u00e9 normy a parametry, proto nen\u00ed d\u016fvod k obav\u00e1m. Pou\u017eit\u00e9 sklo je opat\u0159eno bezpe\u010dnostn\u00ed f\u00f3li\u00ed. Ta m\u00e1 sv\u016fj velk\u00fd \u00fakol a to, i kdy\u017e by se n\u011bjak\u00fdm nedopat\u0159en\u00edm stalo, \u017ee se sklo rozbije, tak bude st\u00e1le dr\u017eet pohromad\u011b. N\u011bkdy je z\u00e1bradl\u00ed celosklen\u011bn\u00e9 a jindy je mo\u017enost si zvolit jinou verzi a to v kombinaci nap\u0159\u00edklad d\u0159eva nebo nerezov\u00e9ho materi\u00e1lu. Je v podstat\u011b jedno, jak\u00e1 verze se zvol\u00ed, jeliko\u017e uchycen\u00ed se v\u017edy d\u00e1 prov\u00e9st prakticky kamkoliv, ale hodn\u011b z\u00e1le\u017e\u00ed na vybran\u00e9m prostoru, kam se bude umis\u0165ovat. Rozhodn\u011b nen\u00ed na m\u00edst\u011b v\u011b\u0159it r\u016fzn\u00fdm m\u00fdt\u016fm, kter\u00e9 odrazuj\u00ed majitele, aby si tento estetick\u00fd prvek po\u0159\u00eddili do sv\u00fdch domov\u016f. I samotn\u00e1 \u00fadr\u017eba je velmi jednoduch\u00e1 a nen\u00ed pot\u0159eba z\u00e1bradl\u00ed neust\u00e1le le\u0161tit. Co ale rozhodn\u011b m\u016f\u017eeme o\u010dek\u00e1vat, to je zm\u011bna. Sklen\u011bn\u00e9 z\u00e1bradl\u00ed toti\u017e skute\u010dn\u011b prom\u011bn\u00ed styl na\u0161eho bydlen\u00ed.                                                                                                                                                                                                                                                                                                                                                                                          4.2\/5 - (4 votes)        "},{"@context":"https:\/\/schema.org\/","@type":"BreadcrumbList","itemListElement":[{"@type":"ListItem","position":1,"name":"Z\u00e1bradl\u00ed ze skla m\u00e1 n\u011bkolik podob","item":"https:\/\/www.tagger.cz\/zabradli-ze-skla-ma-nekolik-podob\/#breadcrumbitem"}]}]